[{"@context":"https:\/\/schema.org\/","@type":"BlogPosting","@id":"https:\/\/www.canariasconfidencial.com\/gran-canaria\/vicente-gomez-en-territorio-ud\/#BlogPosting","mainEntityOfPage":"https:\/\/www.canariasconfidencial.com\/gran-canaria\/vicente-gomez-en-territorio-ud\/","headline":"Vicente G\u00f3mez en Territorio UD","name":"Vicente G\u00f3mez en Territorio UD","description":"&nbsp; &nbsp;&nbsp;&nbsp; Related posts:Teror apoya a \u2018Peque\u00f1o Valiente\u2019 para que todos los ni\u00f1os\/as de las islas tengan los mismos derechosGu\u00eda celebra este fin de semana la tercera feria \u201cD\u00edas de Celebraci\u00f3nAyoze Medina, el barbero canario revelaci\u00f3n en Espa\u00f1a","datePublished":"2016-01-19","dateModified":"2016-01-19","author":{"@type":"Person","@id":"https:\/\/www.canariasconfidencial.com\/author\/admin\/#Person","name":"Canarias Confidencial","url":"https:\/\/www.canariasconfidencial.com\/author\/admin\/","image":{"@type":"ImageObject","@id":"https:\/\/secure.gravatar.com\/avatar\/44ad1b7f51be99230dbaef835819598e?s=96&d=mm&r=g","url":"https:\/\/secure.gravatar.com\/avatar\/44ad1b7f51be99230dbaef835819598e?s=96&d=mm&r=g","height":96,"width":96}},"publisher":{"@type":"Organization","name":"Canarias Confidencial","logo":{"@type":"ImageObject","@id":"https:\/\/www.canariasconfidencial.com\/wp-content\/uploads\/2018\/07\/Canarias-Confidencial-1.png","url":"https:\/\/www.canariasconfidencial.com\/wp-content\/uploads\/2018\/07\/Canarias-Confidencial-1.png","width":600,"height":100}},"image":{"@type":"ImageObject","@id":"http:\/\/www.ucarecdn.com\/dc7b9117-25c1-4b84-a216-026b6c90a795\/-\/preview\/","url":"http:\/\/www.ucarecdn.com\/dc7b9117-25c1-4b84-a216-026b6c90a795\/-\/preview\/","height":"","width":""},"url":"https:\/\/www.canariasconfidencial.com\/gran-canaria\/vicente-gomez-en-territorio-ud\/","about":["Gran Canaria"],"wordCount":49},{"@context":"https:\/\/schema.org\/","@type":"BreadcrumbList","itemListElement":[{"@type":"ListItem","position":1,"name":"Gran Canaria","item":"https:\/\/www.canariasconfidencial.com\/gran-canaria\/#breadcrumbitem"},{"@type":"ListItem","position":2,"name":"Vicente G\u00f3mez en Territorio UD","item":"https:\/\/www.canariasconfidencial.com\/gran-canaria\/vicente-gomez-en-territorio-ud\/#breadcrumbitem"}]}]