[{"@context":"https:\/\/schema.org\/","@type":"BlogPosting","@id":"https:\/\/www.canariasconfidencial.com\/gran-canaria\/ya-llega-la-navidad-a-la-villa-de-moya\/#BlogPosting","mainEntityOfPage":"https:\/\/www.canariasconfidencial.com\/gran-canaria\/ya-llega-la-navidad-a-la-villa-de-moya\/","headline":"\u00a1Ya llega la Navidad a la Villa de Moya!","name":"\u00a1Ya llega la Navidad a la Villa de Moya!","description":"Related posts:LA BIBLIOTECA DE INGENIO ACOGE LA CHARLA \u201cLOS 7 M\u00c9DICOS DE LA NATURALEZA\u201dFIESTA DE LAS CASTA\u00d1AS EN SANTA MAR\u00cdA DE GU\u00cdASISI, con la fantas\u00eda \u201cAprieta Se\u00f1orita Escarlata\u201d, ganadora del I Carnaval Canino organizado por Ae...","datePublished":"2016-12-01","dateModified":"2016-12-01","author":{"@type":"Person","@id":"https:\/\/www.canariasconfidencial.com\/author\/admin\/#Person","name":"Canarias Confidencial","url":"https:\/\/www.canariasconfidencial.com\/author\/admin\/","image":{"@type":"ImageObject","@id":"https:\/\/secure.gravatar.com\/avatar\/44ad1b7f51be99230dbaef835819598e?s=96&d=mm&r=g","url":"https:\/\/secure.gravatar.com\/avatar\/44ad1b7f51be99230dbaef835819598e?s=96&d=mm&r=g","height":96,"width":96}},"publisher":{"@type":"Organization","name":"Canarias Confidencial","logo":{"@type":"ImageObject","@id":"https:\/\/www.canariasconfidencial.com\/wp-content\/uploads\/2018\/07\/Canarias-Confidencial-1.png","url":"https:\/\/www.canariasconfidencial.com\/wp-content\/uploads\/2018\/07\/Canarias-Confidencial-1.png","width":600,"height":100}},"image":{"@type":"ImageObject","@id":"https:\/\/scontent-mad1-1.xx.fbcdn.net\/v\/t1.0-0\/p280x280\/15317826_940658146066660_4942103145020499311_n.jpg?oh=8c47c988c587f4741f893cc2a1c8ce20&oe=58C35C86","url":"https:\/\/scontent-mad1-1.xx.fbcdn.net\/v\/t1.0-0\/p280x280\/15317826_940658146066660_4942103145020499311_n.jpg?oh=8c47c988c587f4741f893cc2a1c8ce20&oe=58C35C86","height":"","width":""},"url":"https:\/\/www.canariasconfidencial.com\/gran-canaria\/ya-llega-la-navidad-a-la-villa-de-moya\/","about":["Gran Canaria"],"wordCount":43},{"@context":"https:\/\/schema.org\/","@type":"BreadcrumbList","itemListElement":[{"@type":"ListItem","position":1,"name":"Gran Canaria","item":"https:\/\/www.canariasconfidencial.com\/gran-canaria\/#breadcrumbitem"},{"@type":"ListItem","position":2,"name":"\u00a1Ya llega la Navidad a la Villa de Moya!","item":"https:\/\/www.canariasconfidencial.com\/gran-canaria\/ya-llega-la-navidad-a-la-villa-de-moya\/#breadcrumbitem"}]}]