[{"@context":"https:\/\/schema.org\/","@type":"BlogPosting","@id":"https:\/\/www.canariasconfidencial.com\/tenerife\/brazadas-por-lapices-en-guia-de-isora\/#BlogPosting","mainEntityOfPage":"https:\/\/www.canariasconfidencial.com\/tenerife\/brazadas-por-lapices-en-guia-de-isora\/","headline":"&#171;Brazadas por L\u00e1pices&#187;, nataci\u00f3n solidaria en Gu\u00eda de Isora","name":"&#171;Brazadas por L\u00e1pices&#187;, nataci\u00f3n solidaria en Gu\u00eda de Isora","description":"En Gu\u00eda de Isora, el Club de Nataci\u00f3n Isora Swim organiz\u00f3 la competici\u00f3n solidaria \"Brazadas por L\u00e1pices\".","datePublished":"2018-09-25","dateModified":"2018-09-25","author":{"@type":"Person","@id":"https:\/\/www.canariasconfidencial.com\/author\/admin\/#Person","name":"Canarias Confidencial","url":"https:\/\/www.canariasconfidencial.com\/author\/admin\/","image":{"@type":"ImageObject","@id":"https:\/\/secure.gravatar.com\/avatar\/44ad1b7f51be99230dbaef835819598e?s=96&d=mm&r=g","url":"https:\/\/secure.gravatar.com\/avatar\/44ad1b7f51be99230dbaef835819598e?s=96&d=mm&r=g","height":96,"width":96}},"publisher":{"@type":"Organization","name":"Canarias Confidencial","logo":{"@type":"ImageObject","@id":"https:\/\/www.canariasconfidencial.com\/wp-content\/uploads\/2018\/07\/Canarias-Confidencial-1.png","url":"https:\/\/www.canariasconfidencial.com\/wp-content\/uploads\/2018\/07\/Canarias-Confidencial-1.png","width":600,"height":100}},"image":{"@type":"ImageObject","@id":"https:\/\/www.canariasconfidencial.com\/wp-content\/uploads\/2018\/09\/Gu\u00eda-de-Isora.jpg","url":"https:\/\/www.canariasconfidencial.com\/wp-content\/uploads\/2018\/09\/Gu\u00eda-de-Isora.jpg","height":1000,"width":1501},"url":"https:\/\/www.canariasconfidencial.com\/tenerife\/brazadas-por-lapices-en-guia-de-isora\/","about":["Tenerife"],"wordCount":362},{"@context":"https:\/\/schema.org\/","@type":"BreadcrumbList","itemListElement":[{"@type":"ListItem","position":1,"name":"Tenerife","item":"https:\/\/www.canariasconfidencial.com\/tenerife\/#breadcrumbitem"},{"@type":"ListItem","position":2,"name":"&#171;Brazadas por L\u00e1pices&#187;, nataci\u00f3n solidaria en Gu\u00eda de Isora","item":"https:\/\/www.canariasconfidencial.com\/tenerife\/brazadas-por-lapices-en-guia-de-isora\/#breadcrumbitem"}]}]