[{"@context":"https:\/\/schema.org\/","@type":"BlogPosting","@id":"https:\/\/www.canariasconfidencial.com\/tenerife\/el-maraton-de-santa-cruz-inaugura-la-temporada-de-la-rfea\/#BlogPosting","mainEntityOfPage":"https:\/\/www.canariasconfidencial.com\/tenerife\/el-maraton-de-santa-cruz-inaugura-la-temporada-de-la-rfea\/","headline":"El Marat\u00f3n de Santa Cruz inaugura la temporada de la RFEA","name":"El Marat\u00f3n de Santa Cruz inaugura la temporada de la RFEA","description":"El Marat\u00f3n de Santa Cruz Naviera Armas 2018 vuelve a inaugurar la temporada de la Real Federaci\u00f3n Espa\u00f1ola de Atletismo.","datePublished":"2018-09-25","dateModified":"2018-09-25","author":{"@type":"Person","@id":"https:\/\/www.canariasconfidencial.com\/author\/admin\/#Person","name":"Canarias Confidencial","url":"https:\/\/www.canariasconfidencial.com\/author\/admin\/","image":{"@type":"ImageObject","@id":"https:\/\/secure.gravatar.com\/avatar\/44ad1b7f51be99230dbaef835819598e?s=96&d=mm&r=g","url":"https:\/\/secure.gravatar.com\/avatar\/44ad1b7f51be99230dbaef835819598e?s=96&d=mm&r=g","height":96,"width":96}},"publisher":{"@type":"Organization","name":"Canarias Confidencial","logo":{"@type":"ImageObject","@id":"https:\/\/www.canariasconfidencial.com\/wp-content\/uploads\/2018\/07\/Canarias-Confidencial-1.png","url":"https:\/\/www.canariasconfidencial.com\/wp-content\/uploads\/2018\/07\/Canarias-Confidencial-1.png","width":600,"height":100}},"image":{"@type":"ImageObject","@id":"https:\/\/www.canariasconfidencial.com\/wp-content\/uploads\/2018\/09\/Marat\u00f3n-de-Santa-Cruz-Cartel.jpg","url":"https:\/\/www.canariasconfidencial.com\/wp-content\/uploads\/2018\/09\/Marat\u00f3n-de-Santa-Cruz-Cartel.jpg","height":477,"width":762},"url":"https:\/\/www.canariasconfidencial.com\/tenerife\/el-maraton-de-santa-cruz-inaugura-la-temporada-de-la-rfea\/","about":["Tenerife"],"wordCount":403},{"@context":"https:\/\/schema.org\/","@type":"BreadcrumbList","itemListElement":[{"@type":"ListItem","position":1,"name":"Tenerife","item":"https:\/\/www.canariasconfidencial.com\/tenerife\/#breadcrumbitem"},{"@type":"ListItem","position":2,"name":"El Marat\u00f3n de Santa Cruz inaugura la temporada de la RFEA","item":"https:\/\/www.canariasconfidencial.com\/tenerife\/el-maraton-de-santa-cruz-inaugura-la-temporada-de-la-rfea\/#breadcrumbitem"}]}]