[{"@context":"https:\/\/schema.org\/","@type":"BlogPosting","@id":"https:\/\/www.canariasconfidencial.com\/tenerife\/la-orotava-y-el-turismo-sostenible\/#BlogPosting","mainEntityOfPage":"https:\/\/www.canariasconfidencial.com\/tenerife\/la-orotava-y-el-turismo-sostenible\/","headline":"La Orotava y el turismo sostenible","name":"La Orotava y el turismo sostenible","description":"La villa norte\u00f1a organizar\u00e1 la segunda edici\u00f3n del Foro de Turismo Sostenible para hablar sobre el desarrollo tur\u00edstico en Canarias.","datePublished":"2018-09-21","dateModified":"2018-09-25","author":{"@type":"Person","@id":"https:\/\/www.canariasconfidencial.com\/author\/admin\/#Person","name":"Canarias Confidencial","url":"https:\/\/www.canariasconfidencial.com\/author\/admin\/","image":{"@type":"ImageObject","@id":"https:\/\/secure.gravatar.com\/avatar\/44ad1b7f51be99230dbaef835819598e?s=96&d=mm&r=g","url":"https:\/\/secure.gravatar.com\/avatar\/44ad1b7f51be99230dbaef835819598e?s=96&d=mm&r=g","height":96,"width":96}},"publisher":{"@type":"Organization","name":"Canarias Confidencial","logo":{"@type":"ImageObject","@id":"https:\/\/www.canariasconfidencial.com\/wp-content\/uploads\/2018\/07\/Canarias-Confidencial-1.png","url":"https:\/\/www.canariasconfidencial.com\/wp-content\/uploads\/2018\/07\/Canarias-Confidencial-1.png","width":600,"height":100}},"image":{"@type":"ImageObject","@id":"https:\/\/www.canariasconfidencial.com\/wp-content\/uploads\/2018\/09\/Turismo-sostenible-en-Tenerife.jpg","url":"https:\/\/www.canariasconfidencial.com\/wp-content\/uploads\/2018\/09\/Turismo-sostenible-en-Tenerife.jpg","height":667,"width":1000},"url":"https:\/\/www.canariasconfidencial.com\/tenerife\/la-orotava-y-el-turismo-sostenible\/","about":["Tenerife"],"wordCount":389},{"@context":"https:\/\/schema.org\/","@type":"BreadcrumbList","itemListElement":[{"@type":"ListItem","position":1,"name":"Tenerife","item":"https:\/\/www.canariasconfidencial.com\/tenerife\/#breadcrumbitem"},{"@type":"ListItem","position":2,"name":"La Orotava y el turismo sostenible","item":"https:\/\/www.canariasconfidencial.com\/tenerife\/la-orotava-y-el-turismo-sostenible\/#breadcrumbitem"}]}]