[{"@context":"https:\/\/schema.org\/","@type":"BlogPosting","@id":"https:\/\/www.canariasconfidencial.com\/videos\/asi-quedaria-canarias-tras-deshielo\/#BlogPosting","mainEntityOfPage":"https:\/\/www.canariasconfidencial.com\/videos\/asi-quedaria-canarias-tras-deshielo\/","headline":"As\u00ed quedar\u00eda Canarias tras el deshielo de los polos","name":"As\u00ed quedar\u00eda Canarias tras el deshielo de los polos","description":"El monitor sueco Sea Level Rise teoriza sobre los efectos de un calentamiento global en las Islas.","datePublished":"2018-10-04","dateModified":"2018-10-19","author":{"@type":"Person","@id":"https:\/\/www.canariasconfidencial.com\/author\/admin\/#Person","name":"Canarias Confidencial","url":"https:\/\/www.canariasconfidencial.com\/author\/admin\/","image":{"@type":"ImageObject","@id":"https:\/\/secure.gravatar.com\/avatar\/44ad1b7f51be99230dbaef835819598e?s=96&d=mm&r=g","url":"https:\/\/secure.gravatar.com\/avatar\/44ad1b7f51be99230dbaef835819598e?s=96&d=mm&r=g","height":96,"width":96}},"publisher":{"@type":"Organization","name":"Canarias Confidencial","logo":{"@type":"ImageObject","@id":"https:\/\/www.canariasconfidencial.com\/wp-content\/uploads\/2018\/07\/Canarias-Confidencial-1.png","url":"https:\/\/www.canariasconfidencial.com\/wp-content\/uploads\/2018\/07\/Canarias-Confidencial-1.png","width":600,"height":100}},"image":{"@type":"ImageObject","@id":"https:\/\/www.canariasconfidencial.com\/wp-content\/uploads\/2018\/10\/final-del-mundo.jpg","url":"https:\/\/www.canariasconfidencial.com\/wp-content\/uploads\/2018\/10\/final-del-mundo.jpg","height":375,"width":500},"url":"https:\/\/www.canariasconfidencial.com\/videos\/asi-quedaria-canarias-tras-deshielo\/","about":["Video"],"wordCount":51},{"@context":"https:\/\/schema.org\/","@type":"BreadcrumbList","itemListElement":[{"@type":"ListItem","position":1,"name":"Videos","item":"https:\/\/www.canariasconfidencial.com\/videos\/#breadcrumbitem"},{"@type":"ListItem","position":2,"name":"As\u00ed quedar\u00eda Canarias tras el deshielo de los polos","item":"https:\/\/www.canariasconfidencial.com\/videos\/asi-quedaria-canarias-tras-deshielo\/#breadcrumbitem"}]}]