[{"@context":"https:\/\/schema.org\/","@type":"BlogPosting","@id":"https:\/\/www.canariasconfidencial.com\/videos\/gran-canaria-fronton-king-2018\/#BlogPosting","mainEntityOfPage":"https:\/\/www.canariasconfidencial.com\/videos\/gran-canaria-fronton-king-2018\/","headline":"Gran Canaria Front\u00f3n King 2018","name":"Gran Canaria Front\u00f3n King 2018","description":"Una de las mejores olas del mundo vuelve con la Gran Canaria Front\u00f3n King. El campeonato del mundo de bodyboard se celebra en la playa de G\u00e1ldar.","datePublished":"2018-10-04","dateModified":"2018-10-19","author":{"@type":"Person","@id":"https:\/\/www.canariasconfidencial.com\/author\/admin\/#Person","name":"Canarias Confidencial","url":"https:\/\/www.canariasconfidencial.com\/author\/admin\/","image":{"@type":"ImageObject","@id":"https:\/\/secure.gravatar.com\/avatar\/44ad1b7f51be99230dbaef835819598e?s=96&d=mm&r=g","url":"https:\/\/secure.gravatar.com\/avatar\/44ad1b7f51be99230dbaef835819598e?s=96&d=mm&r=g","height":96,"width":96}},"publisher":{"@type":"Organization","name":"Canarias Confidencial","logo":{"@type":"ImageObject","@id":"https:\/\/www.canariasconfidencial.com\/wp-content\/uploads\/2018\/07\/Canarias-Confidencial-1.png","url":"https:\/\/www.canariasconfidencial.com\/wp-content\/uploads\/2018\/07\/Canarias-Confidencial-1.png","width":600,"height":100}},"image":{"@type":"ImageObject","@id":"https:\/\/www.canariasconfidencial.com\/wp-content\/uploads\/2018\/10\/leroy-bellet-behind-the-lens-1.jpg","url":"https:\/\/www.canariasconfidencial.com\/wp-content\/uploads\/2018\/10\/leroy-bellet-behind-the-lens-1.jpg","height":2160,"width":3500},"url":"https:\/\/www.canariasconfidencial.com\/videos\/gran-canaria-fronton-king-2018\/","about":["Video"],"wordCount":46},{"@context":"https:\/\/schema.org\/","@type":"BreadcrumbList","itemListElement":[{"@type":"ListItem","position":1,"name":"Videos","item":"https:\/\/www.canariasconfidencial.com\/videos\/#breadcrumbitem"},{"@type":"ListItem","position":2,"name":"Gran Canaria Front\u00f3n King 2018","item":"https:\/\/www.canariasconfidencial.com\/videos\/gran-canaria-fronton-king-2018\/#breadcrumbitem"}]}]